{"id":2749,"date":"2023-04-18T13:59:37","date_gmt":"2023-04-18T12:59:37","guid":{"rendered":"https:\/\/fokustalent.com\/?p=2749"},"modified":"2023-06-02T13:06:01","modified_gmt":"2023-06-02T12:06:01","slug":"les-taxes-et-cotisations-sociales-en-suisse","status":"publish","type":"post","link":"https:\/\/fokustalent.com\/en\/les-taxes-et-cotisations-sociales-en-suisse\/","title":{"rendered":"Les taxes et cotisations sociales en Suisse"},"content":{"rendered":"\n<p>Lorsqu&#8217;on d\u00e9but un emploi en Suisse, souvent, l&#8217;imaginaire collectif pensent \u00e0 deux choses : des salaires tr\u00e8s haut et des cotisations et taxations tr\u00e8s basses. Cependant, dans la r\u00e9alit\u00e9 les choses sont bien diff\u00e9rentes. FOKUS Talent va vous faire une pr\u00e9sentation non-exhaustive de ce \u00e0 quoi vous attendre sur ces points li\u00e9s \u00e0 la paie lorsque vous travaillerez en Suisse.<\/p>\n\n\n\n<h2 class=\"wp-block-heading\">Quelles sont les taxes et cotisations sociales salariales pour un employ\u00e9 en Suisse?<\/h2>\n\n\n\n<h3 class=\"wp-block-heading\">Les cotisations sociales en Suisse <\/h3>\n\n\n\n<p>En Suisse, les cotisations sociales salariales comprennent principalement les \u00e9l\u00e9ments suivants :<\/p>\n\n\n\n<ol class=\"wp-block-list\">\n<li>Assurance vieillesse et survivants (AVS) : 8,7% du salaire brut<\/li>\n\n\n\n<li>Assurance invalidit\u00e9 (AI) : 1,4% du salaire brut<\/li>\n\n\n\n<li>Assurance perte de gain en cas de maladie (LAMal) : 0,5% du salaire brut<\/li>\n\n\n\n<li>Assurance accident (LAA) : variable selon le secteur d&#8217;activit\u00e9 et le risque professionnel<\/li>\n\n\n\n<li>Caisse de ch\u00f4mage : variable selon la r\u00e9gion et la branche d&#8217;activit\u00e9<\/li>\n\n\n\n<li>Pr\u00e9voyance professionnelle (LPP) : variable selon l&#8217;\u00e2ge et le salaire, mais g\u00e9n\u00e9ralement entre 7% et 18% du salaire brut<\/li>\n<\/ol>\n\n\n\n<h3 class=\"wp-block-heading\">L&#8217;imp\u00f4t sur le revenu en Suisse<\/h3>\n\n\n\n<p>En plus de ces cotisations, les employ\u00e9s en Suisse sont \u00e9galement soumis \u00e0 l&#8217;imp\u00f4t sur le revenu. Cela  qui varie selon le canton et la commune de r\u00e9sidence. Les imp\u00f4ts peuvent repr\u00e9senter environ 10% \u00e0 40% du salaire brut, selon les revenus et les d\u00e9ductions fiscales.<\/p>\n\n\n\n<p>Il convient de noter que les cotisations et imp\u00f4ts mentionn\u00e9s ci-dessus sont \u00e0 titre indicatif et peuvent varier en fonction de la situation individuelle de chaque employ\u00e9 et de son employeur. Il est donc recommand\u00e9 de consulter les autorit\u00e9s comp\u00e9tentes pour obtenir des informations pr\u00e9cises sur les cotisations sociales et les imp\u00f4ts applicables.<\/p>\n\n\n\n<h3 class=\"wp-block-heading\">Les imp\u00f4ts salari\u00e9s en Suisse<\/h3>\n\n\n\n<p>En Suisse, l&#8217;imp\u00f4t sur le revenu est pr\u00e9lev\u00e9 sur les salaires des employ\u00e9s qui poss\u00e8dent un permis B, L ou qui sont frontaliers. Le montant des imp\u00f4ts varie en fonction du canton et de la commune de r\u00e9sidence, ainsi que du revenu et des d\u00e9ductions fiscales de chaque individu.<\/p>\n\n\n\n<p>Les employeurs sont tenus de retenir les imp\u00f4ts \u00e0 la source sur les salaires de leurs employ\u00e9s. Cela signifie que les employeurs pr\u00e9l\u00e8vent une partie du salaire brut pour les imp\u00f4ts et les versent directement aux autorit\u00e9s fiscales. Le montant retenu d\u00e9pend du salaire brut, des d\u00e9ductions fiscales et du taux d&#8217;imposition applicable dans le canton et la commune de r\u00e9sidence de l&#8217;employ\u00e9.<\/p>\n\n\n\n<p>Si vous \u00eates frontaliers vous pouvez d\u00e9poser aupr\u00e8s de votre employeur, chaque ann\u00e9e, une attestation de r\u00e9sidence fiscale qui le dispensera de pr\u00e9lever l&#8217;imp\u00f4t \u00e0 la source. <\/p>\n\n\n\n<p>Il est important de noter que les imp\u00f4ts sur le revenu en Suisse sont progressifs, ce qui signifie que plus le salaire est \u00e9lev\u00e9, plus le taux d&#8217;imposition est \u00e9lev\u00e9. Les taux d&#8217;imposition varient \u00e9galement selon les cantons et les communes.<\/p>\n\n\n\n<h2 class=\"wp-block-heading\">La diff\u00e9rence entre la France et la Suisse <\/h2>\n\n\n\n<p>Les taxes et imp\u00f4ts sur le salaire en <a href=\"https:\/\/www.eda.admin.ch\/aboutswitzerland\/fr\/home.html\">Suisse<\/a> et en France sont diff\u00e9rents et varient en fonction de plusieurs facteurs tels que le niveau de revenu, le statut marital, le nombre d&#8217;enfants \u00e0 charge et la localisation g\u00e9ographique. Voici une comparaison des principaux imp\u00f4ts et taxes sur le salaire en Suisse et en France :<\/p>\n\n\n\n<h3 class=\"wp-block-heading\">Imp\u00f4t sur le revenu <\/h3>\n\n\n\n<p>En France, l&#8217;imp\u00f4t sur le revenu se pr\u00e9l\u00e8ve sur une base annuelle et est calcul\u00e9 sur le revenu net imposable. En Suisse, l&#8217;imp\u00f4t sur le revenu est pr\u00e9lev\u00e9 \u00e0 la source sur le salaire mensuel brut. <\/p>\n\n\n\n<p>Les taux d&#8217;imposition sont g\u00e9n\u00e9ralement plus \u00e9lev\u00e9s en France, avec une tranche marginale d&#8217;imposition pouvant aller jusqu&#8217;\u00e0 45% pour les revenus les plus \u00e9lev\u00e9s. En Suisse, les taux d&#8217;imposition les plus \u00e9lev\u00e9s sont en g\u00e9n\u00e9ral en dessous de 30%.<\/p>\n\n\n\n<h3 class=\"wp-block-heading\">Cotisations sociales <\/h3>\n\n\n\n<p>En France, les cotisations sociales sont assez \u00e9lev\u00e9es, avec des taux pouvant aller jusqu&#8217;\u00e0 22% pour les salari\u00e9s. <\/p>\n\n\n\n<p>En Suisse, les cotisations sociales sont hautes, mais les taux varient en fonction des assurances sociales concern\u00e9es. Par exemple, les cotisations pour l&#8217;assurance vieillesse et survivants (AVS) sont de 8,7%, tandis que celles pour l&#8217;assurance invalidit\u00e9 (AI) sont de 1,4%.<\/p>\n\n\n\n<h3 class=\"wp-block-heading\">Taxe sur la valeur ajout\u00e9e (TVA) <\/h3>\n\n\n\n<p>En France, la TVA s&#8217;applique \u00e0 la plupart des biens et services. Elle varie en fonction du taux applicable (taux normal de 20%, taux interm\u00e9diaire de 10% et taux r\u00e9duit de 5,5%). En Suisse, la TVA s&#8217;applique \u00e0 la plupart des biens et services.  Le taux normal est de 7,7%, avec un taux r\u00e9duit de 2,5% pour certains produits de premi\u00e8re n\u00e9cessit\u00e9.<\/p>\n\n\n\n<p>Il convient de noter que cette comparaison est g\u00e9n\u00e9rale. Les imp\u00f4ts et les taxes peuvent varier en fonction de la situation personnelle de chaque individu. Il est important de se renseigner aupr\u00e8s des autorit\u00e9s fiscales comp\u00e9tentes. Vous aurez des informations pr\u00e9cises sur les imp\u00f4ts et les taxes applicables.<\/p>\n\n\n\n<p>Dans le cas ou vous seriez un peu perdu, nous vous conseillons de consulter une fiduciaire. Elle vous aidera  pour vos d\u00e9clarations de revenus et r\u00e9pondre \u00e0 toutes vos questions administratives. <\/p>\n\n\n\n<p><\/p>\n\n\n\n<p>Si ce guide a pu vous aider dans votre projet alors n&#8217;h\u00e9sitez pas \u00e0 nous laisser un commentaire. Vous recherchez un emploi dans le secteur de la haute technologie ou de l&#8217;industrie de pointe ? Nous sommes l\u00e0 pour vous en cliquant <a href=\"https:\/\/fokustalent.com\/contact\/\">ici<\/a>. <\/p>\n","protected":false},"excerpt":{"rendered":"<p>Lorsqu&#8217;on d\u00e9but un emploi en Suisse, souvent, l&#8217;imaginaire collectif pensent \u00e0 deux choses : des salaires tr\u00e8s haut et des cotisations et taxations tr\u00e8s basses. Cependant, dans la r\u00e9alit\u00e9 les choses sont bien diff\u00e9rentes. FOKUS Talent va vous faire une pr\u00e9sentation non-exhaustive de ce \u00e0 quoi vous attendre sur ces points li\u00e9s \u00e0 la paie [&hellip;]<\/p>\n","protected":false},"author":3,"featured_media":2783,"comment_status":"open","ping_status":"open","sticky":false,"template":"","format":"standard","meta":{"footnotes":""},"categories":[203],"tags":[270,268,14,50,12,53,269,13,55,78,5,60,237,105],"class_list":["post-2749","post","type-post","status-publish","format-standard","has-post-thumbnail","hentry","category-actualite","tag-abonnement","tag-cotisations","tag-engineering","tag-fokus","tag-fokus-talent","tag-fokustalent","tag-impot","tag-ingenieur","tag-jobs","tag-machines","tag-mecanique","tag-sales","tag-suisse","tag-technical-sales"],"yoast_head":"<!-- This site is optimized with the Yoast SEO plugin v27.5 - https:\/\/yoast.com\/product\/yoast-seo-wordpress\/ -->\n<title>Les taxes et cotisations sociales en Suisse - FOKUS Talent<\/title>\n<meta name=\"description\" content=\"Vous avez des questions concernant les taxes et cotisations en Suisse? A travers cet article, vous apprendrez tout ce qu&#039;il faut savoir!\" \/>\n<meta name=\"robots\" content=\"index, follow, max-snippet:-1, max-image-preview:large, max-video-preview:-1\" \/>\n<link rel=\"canonical\" href=\"https:\/\/fokustalent.com\/les-taxes-et-cotisations-sociales-en-suisse\/\" \/>\n<meta property=\"og:locale\" content=\"en_US\" \/>\n<meta property=\"og:type\" content=\"article\" \/>\n<meta property=\"og:title\" content=\"Les taxes et cotisations sociales en Suisse - FOKUS Talent\" \/>\n<meta property=\"og:description\" content=\"Vous avez des questions concernant les taxes et cotisations en Suisse? A travers cet article, vous apprendrez tout ce qu&#039;il faut savoir!\" \/>\n<meta property=\"og:url\" content=\"https:\/\/fokustalent.com\/les-taxes-et-cotisations-sociales-en-suisse\/\" \/>\n<meta property=\"og:site_name\" content=\"FOKUS Talent\" \/>\n<meta property=\"article:published_time\" content=\"2023-04-18T12:59:37+00:00\" \/>\n<meta property=\"article:modified_time\" content=\"2023-06-02T12:06:01+00:00\" \/>\n<meta property=\"og:image\" content=\"https:\/\/fokustalent.com\/wp-content\/uploads\/2023\/04\/bureau-documents-comptes-argent-scaled.jpg\" \/>\n\t<meta property=\"og:image:width\" content=\"2560\" \/>\n\t<meta property=\"og:image:height\" content=\"1707\" \/>\n\t<meta property=\"og:image:type\" content=\"image\/jpeg\" \/>\n<meta name=\"author\" content=\"Sonia Schilliger\" \/>\n<meta name=\"twitter:card\" content=\"summary_large_image\" \/>\n<meta name=\"twitter:label1\" content=\"Written by\" \/>\n\t<meta name=\"twitter:data1\" content=\"Sonia Schilliger\" \/>\n\t<meta name=\"twitter:label2\" content=\"Est. reading time\" \/>\n\t<meta name=\"twitter:data2\" content=\"4 minutes\" \/>\n<script type=\"application\/ld+json\" class=\"yoast-schema-graph\">{\"@context\":\"https:\\\/\\\/schema.org\",\"@graph\":[{\"@type\":\"Article\",\"@id\":\"https:\\\/\\\/fokustalent.com\\\/les-taxes-et-cotisations-sociales-en-suisse\\\/#article\",\"isPartOf\":{\"@id\":\"https:\\\/\\\/fokustalent.com\\\/les-taxes-et-cotisations-sociales-en-suisse\\\/\"},\"author\":{\"name\":\"Sonia Schilliger\",\"@id\":\"https:\\\/\\\/fokustalent.com\\\/#\\\/schema\\\/person\\\/e18b871cc41ac56032e42438d814225a\"},\"headline\":\"Les taxes et cotisations sociales en Suisse\",\"datePublished\":\"2023-04-18T12:59:37+00:00\",\"dateModified\":\"2023-06-02T12:06:01+00:00\",\"mainEntityOfPage\":{\"@id\":\"https:\\\/\\\/fokustalent.com\\\/les-taxes-et-cotisations-sociales-en-suisse\\\/\"},\"wordCount\":929,\"commentCount\":0,\"publisher\":{\"@id\":\"https:\\\/\\\/fokustalent.com\\\/#organization\"},\"image\":{\"@id\":\"https:\\\/\\\/fokustalent.com\\\/les-taxes-et-cotisations-sociales-en-suisse\\\/#primaryimage\"},\"thumbnailUrl\":\"https:\\\/\\\/fokustalent.com\\\/wp-content\\\/uploads\\\/2023\\\/04\\\/bureau-documents-comptes-argent-scaled.jpg\",\"keywords\":[\"abonnement\",\"cotisations\",\"engineering\",\"FOKUS\",\"Fokus talent\",\"fokustalent\",\"imp\u00f4t\",\"ing\u00e9nieur\",\"jobs\",\"Machines\",\"m\u00e9canique\",\"sales\",\"suisse\",\"technical sales\"],\"articleSection\":[\"Actualit\u00e9\"],\"inLanguage\":\"en-US\",\"potentialAction\":[{\"@type\":\"CommentAction\",\"name\":\"Comment\",\"target\":[\"https:\\\/\\\/fokustalent.com\\\/les-taxes-et-cotisations-sociales-en-suisse\\\/#respond\"]}]},{\"@type\":\"WebPage\",\"@id\":\"https:\\\/\\\/fokustalent.com\\\/les-taxes-et-cotisations-sociales-en-suisse\\\/\",\"url\":\"https:\\\/\\\/fokustalent.com\\\/les-taxes-et-cotisations-sociales-en-suisse\\\/\",\"name\":\"Les taxes et cotisations sociales en Suisse - FOKUS Talent\",\"isPartOf\":{\"@id\":\"https:\\\/\\\/fokustalent.com\\\/#website\"},\"primaryImageOfPage\":{\"@id\":\"https:\\\/\\\/fokustalent.com\\\/les-taxes-et-cotisations-sociales-en-suisse\\\/#primaryimage\"},\"image\":{\"@id\":\"https:\\\/\\\/fokustalent.com\\\/les-taxes-et-cotisations-sociales-en-suisse\\\/#primaryimage\"},\"thumbnailUrl\":\"https:\\\/\\\/fokustalent.com\\\/wp-content\\\/uploads\\\/2023\\\/04\\\/bureau-documents-comptes-argent-scaled.jpg\",\"datePublished\":\"2023-04-18T12:59:37+00:00\",\"dateModified\":\"2023-06-02T12:06:01+00:00\",\"description\":\"Vous avez des questions concernant les taxes et cotisations en Suisse? A travers cet article, vous apprendrez tout ce qu'il faut savoir!\",\"breadcrumb\":{\"@id\":\"https:\\\/\\\/fokustalent.com\\\/les-taxes-et-cotisations-sociales-en-suisse\\\/#breadcrumb\"},\"inLanguage\":\"en-US\",\"potentialAction\":[{\"@type\":\"ReadAction\",\"target\":[\"https:\\\/\\\/fokustalent.com\\\/les-taxes-et-cotisations-sociales-en-suisse\\\/\"]}]},{\"@type\":\"ImageObject\",\"inLanguage\":\"en-US\",\"@id\":\"https:\\\/\\\/fokustalent.com\\\/les-taxes-et-cotisations-sociales-en-suisse\\\/#primaryimage\",\"url\":\"https:\\\/\\\/fokustalent.com\\\/wp-content\\\/uploads\\\/2023\\\/04\\\/bureau-documents-comptes-argent-scaled.jpg\",\"contentUrl\":\"https:\\\/\\\/fokustalent.com\\\/wp-content\\\/uploads\\\/2023\\\/04\\\/bureau-documents-comptes-argent-scaled.jpg\",\"width\":2560,\"height\":1707,\"caption\":\"Finance. Accounting documents on the table\"},{\"@type\":\"BreadcrumbList\",\"@id\":\"https:\\\/\\\/fokustalent.com\\\/les-taxes-et-cotisations-sociales-en-suisse\\\/#breadcrumb\",\"itemListElement\":[{\"@type\":\"ListItem\",\"position\":1,\"name\":\"Home\",\"item\":\"https:\\\/\\\/fokustalent.com\\\/\"},{\"@type\":\"ListItem\",\"position\":2,\"name\":\"Les taxes et cotisations sociales en Suisse\"}]},{\"@type\":\"WebSite\",\"@id\":\"https:\\\/\\\/fokustalent.com\\\/#website\",\"url\":\"https:\\\/\\\/fokustalent.com\\\/\",\"name\":\"FOKUS Talent\",\"description\":\"Recrutement dans la m\u00e9catronique et l&#039;automation\",\"publisher\":{\"@id\":\"https:\\\/\\\/fokustalent.com\\\/#organization\"},\"potentialAction\":[{\"@type\":\"SearchAction\",\"target\":{\"@type\":\"EntryPoint\",\"urlTemplate\":\"https:\\\/\\\/fokustalent.com\\\/?s={search_term_string}\"},\"query-input\":{\"@type\":\"PropertyValueSpecification\",\"valueRequired\":true,\"valueName\":\"search_term_string\"}}],\"inLanguage\":\"en-US\"},{\"@type\":\"Organization\",\"@id\":\"https:\\\/\\\/fokustalent.com\\\/#organization\",\"name\":\"FOKUS Talent\",\"url\":\"https:\\\/\\\/fokustalent.com\\\/\",\"logo\":{\"@type\":\"ImageObject\",\"inLanguage\":\"en-US\",\"@id\":\"https:\\\/\\\/fokustalent.com\\\/#\\\/schema\\\/logo\\\/image\\\/\",\"url\":\"https:\\\/\\\/fokustalent.com\\\/wp-content\\\/uploads\\\/2015\\\/06\\\/cropped-fokus-executive-e1483029068829.png\",\"contentUrl\":\"https:\\\/\\\/fokustalent.com\\\/wp-content\\\/uploads\\\/2015\\\/06\\\/cropped-fokus-executive-e1483029068829.png\",\"width\":1000,\"height\":170,\"caption\":\"FOKUS Talent\"},\"image\":{\"@id\":\"https:\\\/\\\/fokustalent.com\\\/#\\\/schema\\\/logo\\\/image\\\/\"}},{\"@type\":\"Person\",\"@id\":\"https:\\\/\\\/fokustalent.com\\\/#\\\/schema\\\/person\\\/e18b871cc41ac56032e42438d814225a\",\"name\":\"Sonia Schilliger\",\"image\":{\"@type\":\"ImageObject\",\"inLanguage\":\"en-US\",\"@id\":\"https:\\\/\\\/secure.gravatar.com\\\/avatar\\\/9964f3b022254e0576d0c77b0c57884a7d105543db3921c9abc701cd39ef829f?s=96&d=mm&r=g\",\"url\":\"https:\\\/\\\/secure.gravatar.com\\\/avatar\\\/9964f3b022254e0576d0c77b0c57884a7d105543db3921c9abc701cd39ef829f?s=96&d=mm&r=g\",\"contentUrl\":\"https:\\\/\\\/secure.gravatar.com\\\/avatar\\\/9964f3b022254e0576d0c77b0c57884a7d105543db3921c9abc701cd39ef829f?s=96&d=mm&r=g\",\"caption\":\"Sonia Schilliger\"},\"url\":\"https:\\\/\\\/fokustalent.com\\\/en\\\/author\\\/sonia\\\/\"}]}<\/script>\n<!-- \/ Yoast SEO plugin. -->","yoast_head_json":{"title":"Les taxes et cotisations sociales en Suisse - FOKUS Talent","description":"Vous avez des questions concernant les taxes et cotisations en Suisse? A travers cet article, vous apprendrez tout ce qu'il faut savoir!","robots":{"index":"index","follow":"follow","max-snippet":"max-snippet:-1","max-image-preview":"max-image-preview:large","max-video-preview":"max-video-preview:-1"},"canonical":"https:\/\/fokustalent.com\/les-taxes-et-cotisations-sociales-en-suisse\/","og_locale":"en_US","og_type":"article","og_title":"Les taxes et cotisations sociales en Suisse - FOKUS Talent","og_description":"Vous avez des questions concernant les taxes et cotisations en Suisse? A travers cet article, vous apprendrez tout ce qu'il faut savoir!","og_url":"https:\/\/fokustalent.com\/les-taxes-et-cotisations-sociales-en-suisse\/","og_site_name":"FOKUS Talent","article_published_time":"2023-04-18T12:59:37+00:00","article_modified_time":"2023-06-02T12:06:01+00:00","og_image":[{"width":2560,"height":1707,"url":"https:\/\/fokustalent.com\/wp-content\/uploads\/2023\/04\/bureau-documents-comptes-argent-scaled.jpg","type":"image\/jpeg"}],"author":"Sonia Schilliger","twitter_card":"summary_large_image","twitter_misc":{"Written by":"Sonia Schilliger","Est. reading time":"4 minutes"},"schema":{"@context":"https:\/\/schema.org","@graph":[{"@type":"Article","@id":"https:\/\/fokustalent.com\/les-taxes-et-cotisations-sociales-en-suisse\/#article","isPartOf":{"@id":"https:\/\/fokustalent.com\/les-taxes-et-cotisations-sociales-en-suisse\/"},"author":{"name":"Sonia Schilliger","@id":"https:\/\/fokustalent.com\/#\/schema\/person\/e18b871cc41ac56032e42438d814225a"},"headline":"Les taxes et cotisations sociales en Suisse","datePublished":"2023-04-18T12:59:37+00:00","dateModified":"2023-06-02T12:06:01+00:00","mainEntityOfPage":{"@id":"https:\/\/fokustalent.com\/les-taxes-et-cotisations-sociales-en-suisse\/"},"wordCount":929,"commentCount":0,"publisher":{"@id":"https:\/\/fokustalent.com\/#organization"},"image":{"@id":"https:\/\/fokustalent.com\/les-taxes-et-cotisations-sociales-en-suisse\/#primaryimage"},"thumbnailUrl":"https:\/\/fokustalent.com\/wp-content\/uploads\/2023\/04\/bureau-documents-comptes-argent-scaled.jpg","keywords":["abonnement","cotisations","engineering","FOKUS","Fokus talent","fokustalent","imp\u00f4t","ing\u00e9nieur","jobs","Machines","m\u00e9canique","sales","suisse","technical sales"],"articleSection":["Actualit\u00e9"],"inLanguage":"en-US","potentialAction":[{"@type":"CommentAction","name":"Comment","target":["https:\/\/fokustalent.com\/les-taxes-et-cotisations-sociales-en-suisse\/#respond"]}]},{"@type":"WebPage","@id":"https:\/\/fokustalent.com\/les-taxes-et-cotisations-sociales-en-suisse\/","url":"https:\/\/fokustalent.com\/les-taxes-et-cotisations-sociales-en-suisse\/","name":"Les taxes et cotisations sociales en Suisse - FOKUS Talent","isPartOf":{"@id":"https:\/\/fokustalent.com\/#website"},"primaryImageOfPage":{"@id":"https:\/\/fokustalent.com\/les-taxes-et-cotisations-sociales-en-suisse\/#primaryimage"},"image":{"@id":"https:\/\/fokustalent.com\/les-taxes-et-cotisations-sociales-en-suisse\/#primaryimage"},"thumbnailUrl":"https:\/\/fokustalent.com\/wp-content\/uploads\/2023\/04\/bureau-documents-comptes-argent-scaled.jpg","datePublished":"2023-04-18T12:59:37+00:00","dateModified":"2023-06-02T12:06:01+00:00","description":"Vous avez des questions concernant les taxes et cotisations en Suisse? A travers cet article, vous apprendrez tout ce qu'il faut savoir!","breadcrumb":{"@id":"https:\/\/fokustalent.com\/les-taxes-et-cotisations-sociales-en-suisse\/#breadcrumb"},"inLanguage":"en-US","potentialAction":[{"@type":"ReadAction","target":["https:\/\/fokustalent.com\/les-taxes-et-cotisations-sociales-en-suisse\/"]}]},{"@type":"ImageObject","inLanguage":"en-US","@id":"https:\/\/fokustalent.com\/les-taxes-et-cotisations-sociales-en-suisse\/#primaryimage","url":"https:\/\/fokustalent.com\/wp-content\/uploads\/2023\/04\/bureau-documents-comptes-argent-scaled.jpg","contentUrl":"https:\/\/fokustalent.com\/wp-content\/uploads\/2023\/04\/bureau-documents-comptes-argent-scaled.jpg","width":2560,"height":1707,"caption":"Finance. Accounting documents on the table"},{"@type":"BreadcrumbList","@id":"https:\/\/fokustalent.com\/les-taxes-et-cotisations-sociales-en-suisse\/#breadcrumb","itemListElement":[{"@type":"ListItem","position":1,"name":"Home","item":"https:\/\/fokustalent.com\/"},{"@type":"ListItem","position":2,"name":"Les taxes et cotisations sociales en Suisse"}]},{"@type":"WebSite","@id":"https:\/\/fokustalent.com\/#website","url":"https:\/\/fokustalent.com\/","name":"FOKUS Talent","description":"Recrutement dans la m\u00e9catronique et l&#039;automation","publisher":{"@id":"https:\/\/fokustalent.com\/#organization"},"potentialAction":[{"@type":"SearchAction","target":{"@type":"EntryPoint","urlTemplate":"https:\/\/fokustalent.com\/?s={search_term_string}"},"query-input":{"@type":"PropertyValueSpecification","valueRequired":true,"valueName":"search_term_string"}}],"inLanguage":"en-US"},{"@type":"Organization","@id":"https:\/\/fokustalent.com\/#organization","name":"FOKUS Talent","url":"https:\/\/fokustalent.com\/","logo":{"@type":"ImageObject","inLanguage":"en-US","@id":"https:\/\/fokustalent.com\/#\/schema\/logo\/image\/","url":"https:\/\/fokustalent.com\/wp-content\/uploads\/2015\/06\/cropped-fokus-executive-e1483029068829.png","contentUrl":"https:\/\/fokustalent.com\/wp-content\/uploads\/2015\/06\/cropped-fokus-executive-e1483029068829.png","width":1000,"height":170,"caption":"FOKUS Talent"},"image":{"@id":"https:\/\/fokustalent.com\/#\/schema\/logo\/image\/"}},{"@type":"Person","@id":"https:\/\/fokustalent.com\/#\/schema\/person\/e18b871cc41ac56032e42438d814225a","name":"Sonia Schilliger","image":{"@type":"ImageObject","inLanguage":"en-US","@id":"https:\/\/secure.gravatar.com\/avatar\/9964f3b022254e0576d0c77b0c57884a7d105543db3921c9abc701cd39ef829f?s=96&d=mm&r=g","url":"https:\/\/secure.gravatar.com\/avatar\/9964f3b022254e0576d0c77b0c57884a7d105543db3921c9abc701cd39ef829f?s=96&d=mm&r=g","contentUrl":"https:\/\/secure.gravatar.com\/avatar\/9964f3b022254e0576d0c77b0c57884a7d105543db3921c9abc701cd39ef829f?s=96&d=mm&r=g","caption":"Sonia Schilliger"},"url":"https:\/\/fokustalent.com\/en\/author\/sonia\/"}]}},"_links":{"self":[{"href":"https:\/\/fokustalent.com\/en\/wp-json\/wp\/v2\/posts\/2749","targetHints":{"allow":["GET"]}}],"collection":[{"href":"https:\/\/fokustalent.com\/en\/wp-json\/wp\/v2\/posts"}],"about":[{"href":"https:\/\/fokustalent.com\/en\/wp-json\/wp\/v2\/types\/post"}],"author":[{"embeddable":true,"href":"https:\/\/fokustalent.com\/en\/wp-json\/wp\/v2\/users\/3"}],"replies":[{"embeddable":true,"href":"https:\/\/fokustalent.com\/en\/wp-json\/wp\/v2\/comments?post=2749"}],"version-history":[{"count":11,"href":"https:\/\/fokustalent.com\/en\/wp-json\/wp\/v2\/posts\/2749\/revisions"}],"predecessor-version":[{"id":2790,"href":"https:\/\/fokustalent.com\/en\/wp-json\/wp\/v2\/posts\/2749\/revisions\/2790"}],"wp:featuredmedia":[{"embeddable":true,"href":"https:\/\/fokustalent.com\/en\/wp-json\/wp\/v2\/media\/2783"}],"wp:attachment":[{"href":"https:\/\/fokustalent.com\/en\/wp-json\/wp\/v2\/media?parent=2749"}],"wp:term":[{"taxonomy":"category","embeddable":true,"href":"https:\/\/fokustalent.com\/en\/wp-json\/wp\/v2\/categories?post=2749"},{"taxonomy":"post_tag","embeddable":true,"href":"https:\/\/fokustalent.com\/en\/wp-json\/wp\/v2\/tags?post=2749"}],"curies":[{"name":"wp","href":"https:\/\/api.w.org\/{rel}","templated":true}]}}